{"id":890,"date":"2020-01-05T09:24:25","date_gmt":"2020-01-05T09:24:25","guid":{"rendered":"https:\/\/aperitif.qodeinteractive.com\/?p=890"},"modified":"2020-01-05T09:24:25","modified_gmt":"2020-01-05T09:24:25","slug":"fulopdry2018","status":"publish","type":"post","link":"https:\/\/www.fuleky-tokaj.hu\/eng\/fulopdry2018\/","title":{"rendered":"<center>F\u00dcL\u00d6P A K\u00dcL\u00d6NC <br>Sz\u00e1raz Tokaji 2018<\/center>"},"content":{"rendered":"<h6 style=\"text-align: center;\">(750 ml)<\/h6>\n<hr \/>\n<p>[vc_row css=&#8221;.vc_custom_1566912823625{padding-top: 4px !important;padding-bottom: 42px !important;}&#8221;][vc_column][vc_column_text]<\/p>\n<p>F\u00fcl\u00f6p g\u00f3lya Spanyolorsz\u00e1gban, az Ebro foly\u00f3 v\u00f6lgy\u00e9ben sz\u00fcletett 2003-ban. Nem tudni, valaha elhagyta-e Eur\u00f3p\u00e1t, de az biztos, hogy 2006 \u00f3ta Bodrogkereszt\u00faron \u00e9s k\u00f6rny\u00e9k\u00e9n \u00e9lt. Felnevelt\u00a034 fi\u00f3k\u00e1t,\u00a0p\u00e1rja mindig elvonult, de \u0151 maradt. T\u00e9len k\u00e9m\u00e9nyeken melegedett, a Bodrog viz\u00e9b\u0151l ivott, pockokra vad\u00e1szott \u00e9s \u00f6v\u00e9 volt a k\u00f6rny\u00e9k \u00f6sszes g\u00f3lyaf\u00e9szke.<br \/>\nEzt a friss \u00e9s ropog\u00f3s sz\u00e1raz Tokajit k\u00fcl\u00f6nc g\u00f3ly\u00e1nk eml\u00e9k\u00e9re palackoztuk, aki 15 \u00e9ven \u00e1t volt a k\u00f6rny\u00e9k \u00e9s mindenki g\u00f3ly\u00e1ja.<br \/>\nA bev\u00e9telb\u0151l Bodrogkereszt\u00far \u00e9s k\u00f6rny\u00e9ke\u00a0g\u00f3lyaf\u00e9szkeinek karbantart\u00e1s\u00e1t, g\u00f3lyaf\u00e9szek \u00e1llv\u00e1nyok k\u00e9sz\u00edt\u00e9s\u00e9t \u00e9s mad\u00e1rv\u00e9d\u0151 elektromos szigetel\u00e9sek felhelyez\u00e9s\u00e9t t\u00e1mogatjuk.<\/p>\n<p>[\/vc_column_text][vc_column_text]<\/p>\n<blockquote><p>ALKOHOL: 13,5 %VOL<br \/>\nCUKOR: 4,1 G\/LITER<br \/>\nSAV: 6,0 G\/LITER<\/p><\/blockquote>\n<p>[\/vc_column_text][vc_column_text][\/vc_column_text]<\/p>\n","protected":false},"excerpt":{"rendered":"<p>(750 ml) [vc_row css=&#8221;.vc_custom_1566912823625{padding-top: 4px !important;padding-bottom: 42px !important;}&#8221;][vc_column][vc_column_text] F\u00fcl\u00f6p g\u00f3lya Spanyolorsz\u00e1gban, az Ebro foly\u00f3 v\u00f6lgy\u00e9ben sz\u00fcletett 2003-ban. Nem tudni, valaha elhagyta-e Eur\u00f3p\u00e1t, de az biztos, hogy 2006 \u00f3ta Bodrogkereszt\u00faron \u00e9s k\u00f6rny\u00e9k\u00e9n \u00e9lt. Felnevelt\u00a034 fi\u00f3k\u00e1t,\u00a0p\u00e1rja mindig elvonult, de \u0151 maradt. T\u00e9len k\u00e9m\u00e9nyeken melegedett, a Bodrog viz\u00e9b\u0151l ivott, pockokra vad\u00e1szott \u00e9s \u00f6v\u00e9 volt a k\u00f6rny\u00e9k \u00f6sszes g\u00f3lyaf\u00e9szke. [&hellip;]<\/p>\n","protected":false},"author":1,"featured_media":5438,"comment_status":"closed","ping_status":"open","sticky":false,"template":"","format":"standard","meta":{"_monsterinsights_skip_tracking":false,"_monsterinsights_sitenote_active":false,"_monsterinsights_sitenote_note":"","_monsterinsights_sitenote_category":0,"footnotes":""},"categories":[2],"tags":[],"class_list":["post-890","post","type-post","status-publish","format-standard","has-post-thumbnail","hentry","category-borok"],"_links":{"self":[{"href":"https:\/\/www.fuleky-tokaj.hu\/eng\/wp-json\/wp\/v2\/posts\/890","targetHints":{"allow":["GET"]}}],"collection":[{"href":"https:\/\/www.fuleky-tokaj.hu\/eng\/wp-json\/wp\/v2\/posts"}],"about":[{"href":"https:\/\/www.fuleky-tokaj.hu\/eng\/wp-json\/wp\/v2\/types\/post"}],"author":[{"embeddable":true,"href":"https:\/\/www.fuleky-tokaj.hu\/eng\/wp-json\/wp\/v2\/users\/1"}],"replies":[{"embeddable":true,"href":"https:\/\/www.fuleky-tokaj.hu\/eng\/wp-json\/wp\/v2\/comments?post=890"}],"version-history":[{"count":0,"href":"https:\/\/www.fuleky-tokaj.hu\/eng\/wp-json\/wp\/v2\/posts\/890\/revisions"}],"wp:featuredmedia":[{"embeddable":true,"href":"https:\/\/www.fuleky-tokaj.hu\/eng\/wp-json\/wp\/v2\/media\/5438"}],"wp:attachment":[{"href":"https:\/\/www.fuleky-tokaj.hu\/eng\/wp-json\/wp\/v2\/media?parent=890"}],"wp:term":[{"taxonomy":"category","embeddable":true,"href":"https:\/\/www.fuleky-tokaj.hu\/eng\/wp-json\/wp\/v2\/categories?post=890"},{"taxonomy":"post_tag","embeddable":true,"href":"https:\/\/www.fuleky-tokaj.hu\/eng\/wp-json\/wp\/v2\/tags?post=890"}],"curies":[{"name":"wp","href":"https:\/\/api.w.org\/{rel}","templated":true}]}}