{"id":888,"date":"2020-01-04T09:22:40","date_gmt":"2020-01-04T09:22:40","guid":{"rendered":"https:\/\/aperitif.qodeinteractive.com\/?p=888"},"modified":"2020-01-04T09:22:40","modified_gmt":"2020-01-04T09:22:40","slug":"fulopkesoi2014","status":"publish","type":"post","link":"https:\/\/www.fuleky-tokaj.hu\/eng\/fulopkesoi2014\/","title":{"rendered":"<center>F\u00dcL\u00d6P A K\u00dcL\u00d6NC <br>K\u00c9S\u0150I SZ\u00dcRETEL\u00c9S\u0170<br> TOKAJI 2018<\/center>"},"content":{"rendered":"<h6 style=\"text-align: center;\">(375 ml)<\/h6>\n<hr \/>\n<p>[vc_row css=&#8221;.vc_custom_1566912823625{padding-top: 4px !important;padding-bottom: 42px !important;}&#8221;][vc_column][vc_column_text]<\/p>\n<p>F\u00fcl\u00f6p g\u00f3lya Spanyolorsz\u00e1gban, az Ebro foly\u00f3 v\u00f6lgy\u00e9ben sz\u00fcletett 2003-ban. Nem tudni, valaha elhagyta-e Eur\u00f3p\u00e1t, de az biztos, hogy 2006 \u00f3ta Bodrogkereszt\u00faron \u00e9s k\u00f6rny\u00e9k\u00e9n \u00e9l. Felnevelt 34 fi\u00f3k\u00e1t, p\u00e1rja mindig elvonult, de \u0151 maradt. T\u00e9len k\u00e9m\u00e9nyeken melegszik, a Bodrog viz\u00e9b\u0151l iszik, pockokra vad\u00e1szik \u00e9s \u00f6v\u00e9 a k\u00f6rny\u00e9k \u00f6sszes g\u00f3lyaf\u00e9szke.<br \/>\nEzt az eleg\u00e1ns savainak k\u00f6sz\u00f6nhet\u0151en k\u00f6nnyed,\u00a0k\u00e9s\u0151i sz\u00fcretel\u00e9s\u0171 Tokajit k\u00fcl\u00f6nc g\u00f3ly\u00e1nk eml\u00e9k\u00e9re palackoztuk, aki 15 \u00e9ven \u00e1t volt a k\u00f6rny\u00e9k \u00e9s mindenki g\u00f3ly\u00e1ja.<br \/>\nA bev\u00e9telb\u0151l Bodrogkereszt\u00far \u00e9s k\u00f6rny\u00e9ke\u00a0g\u00f3lyaf\u00e9szkeinek karbantart\u00e1s\u00e1t, g\u00f3lyaf\u00e9szek \u00e1llv\u00e1nyok k\u00e9sz\u00edt\u00e9s\u00e9t \u00e9s mad\u00e1rv\u00e9d\u0151 elektromos szigetel\u00e9sek felhelyez\u00e9s\u00e9t t\u00e1mogatjuk.[\/vc_column_text][vc_column_text]<\/p>\n<blockquote><p>ALKOHOL: 12 %VOL<br \/>\nCUKOR: 64 G\/LITER<br \/>\nSAV: 5,64 G\/LITER<\/p><\/blockquote>\n<p>[\/vc_column_text][vc_column_text][\/vc_column_text]<\/p>\n","protected":false},"excerpt":{"rendered":"<p>(375 ml) [vc_row css=&#8221;.vc_custom_1566912823625{padding-top: 4px !important;padding-bottom: 42px !important;}&#8221;][vc_column][vc_column_text] F\u00fcl\u00f6p g\u00f3lya Spanyolorsz\u00e1gban, az Ebro foly\u00f3 v\u00f6lgy\u00e9ben sz\u00fcletett 2003-ban. Nem tudni, valaha elhagyta-e Eur\u00f3p\u00e1t, de az biztos, hogy 2006 \u00f3ta Bodrogkereszt\u00faron \u00e9s k\u00f6rny\u00e9k\u00e9n \u00e9l. Felnevelt 34 fi\u00f3k\u00e1t, p\u00e1rja mindig elvonult, de \u0151 maradt. T\u00e9len k\u00e9m\u00e9nyeken melegszik, a Bodrog viz\u00e9b\u0151l iszik, pockokra vad\u00e1szik \u00e9s \u00f6v\u00e9 a k\u00f6rny\u00e9k \u00f6sszes [&hellip;]<\/p>\n","protected":false},"author":1,"featured_media":5041,"comment_status":"closed","ping_status":"open","sticky":false,"template":"","format":"standard","meta":{"_monsterinsights_skip_tracking":false,"_monsterinsights_sitenote_active":false,"_monsterinsights_sitenote_note":"","_monsterinsights_sitenote_category":0,"footnotes":""},"categories":[2],"tags":[],"class_list":["post-888","post","type-post","status-publish","format-standard","has-post-thumbnail","hentry","category-borok"],"_links":{"self":[{"href":"https:\/\/www.fuleky-tokaj.hu\/eng\/wp-json\/wp\/v2\/posts\/888","targetHints":{"allow":["GET"]}}],"collection":[{"href":"https:\/\/www.fuleky-tokaj.hu\/eng\/wp-json\/wp\/v2\/posts"}],"about":[{"href":"https:\/\/www.fuleky-tokaj.hu\/eng\/wp-json\/wp\/v2\/types\/post"}],"author":[{"embeddable":true,"href":"https:\/\/www.fuleky-tokaj.hu\/eng\/wp-json\/wp\/v2\/users\/1"}],"replies":[{"embeddable":true,"href":"https:\/\/www.fuleky-tokaj.hu\/eng\/wp-json\/wp\/v2\/comments?post=888"}],"version-history":[{"count":0,"href":"https:\/\/www.fuleky-tokaj.hu\/eng\/wp-json\/wp\/v2\/posts\/888\/revisions"}],"wp:featuredmedia":[{"embeddable":true,"href":"https:\/\/www.fuleky-tokaj.hu\/eng\/wp-json\/wp\/v2\/media\/5041"}],"wp:attachment":[{"href":"https:\/\/www.fuleky-tokaj.hu\/eng\/wp-json\/wp\/v2\/media?parent=888"}],"wp:term":[{"taxonomy":"category","embeddable":true,"href":"https:\/\/www.fuleky-tokaj.hu\/eng\/wp-json\/wp\/v2\/categories?post=888"},{"taxonomy":"post_tag","embeddable":true,"href":"https:\/\/www.fuleky-tokaj.hu\/eng\/wp-json\/wp\/v2\/tags?post=888"}],"curies":[{"name":"wp","href":"https:\/\/api.w.org\/{rel}","templated":true}]}}