{"id":1821,"date":"2020-01-10T11:43:31","date_gmt":"2020-01-10T11:43:31","guid":{"rendered":"https:\/\/aperitif.qodeinteractive.com\/?p=1821"},"modified":"2020-01-10T11:43:31","modified_gmt":"2020-01-10T11:43:31","slug":"mestervolgy2017","status":"publish","type":"post","link":"https:\/\/www.fuleky-tokaj.hu\/eng\/mestervolgy2017\/","title":{"rendered":"<center>F\u00dcLEKY TOKAJI<br> FURMINT MESTERV\u00d6LGY 2018<br>&#8211; Tarcal &#8211;<\/center>"},"content":{"rendered":"<h6 style=\"text-align: center;\">(750 ml)<\/h6>\n<hr \/>\n<p>[vc_row css=&#8221;.vc_custom_1566912823625{padding-top: 4px !important;padding-bottom: 42px !important;}&#8221;][vc_column][vc_column_text]<\/p>\n<p><strong><em>Telep\u00edt\u00e9s \u00e9ve:<\/em><\/strong><em> 1990<\/em><\/p>\n<p><strong><em>Talaj:<\/em><\/strong><em> l\u00f6sz\u00f6s nyirok<\/em><\/p>\n<p><strong><em>Alapk\u0151zet:<\/em><\/strong><em> andezit<\/em><\/p>\n<p><strong><em>Sz\u00fcret id\u0151pontja: <\/em><\/strong><em>2018. szeptember 26.<\/em><\/p>\n<p>Tarcal l\u00f6sz\u00f6s nyiroktalaj\u00e1n termett sz\u0151l\u0151b\u0151l k\u00e9sz\u00fclt, kis t\u00f6lgyfahord\u00f3ban erjedt, \u00e9s finomsepr\u0151n \u00e9rlel\u0151d\u00f6tt hat h\u00f3napon \u00e1t. L\u00e1gy \u0151szibarackos kezdet, majd \u00edz\u00e9ben van\u00edlia, marcip\u00e1n \u00e9s d\u00e9ligy\u00fcm\u00f6lcs\u00f6k, kerek lecseng\u00e9ssel. Fogyaszt\u00e1s\u00e1t 10-12 \u00b0C-ra h\u0171tve aj\u00e1nljuk feh\u00e9r h\u00fasokb\u00f3l k\u00e9sz\u00fclt \u00e9telekhez, k\u00f6nny\u0171 sajtokhoz.[\/vc_column_text][vc_column_text]<\/p>\n<blockquote><p>ALKOHOL: 14 %VOL<br \/>\nCUKOR: 4,6 G\/LITER<br \/>\nSAV: 6,1 G\/LITER<\/p>\n<p>[\/vc_column_text][vc_column_text]<em>1555 palack k\u00e9sz\u00fclt.<\/em>[\/vc_column_text]<\/p><\/blockquote>\n","protected":false},"excerpt":{"rendered":"<p>(750 ml) [vc_row css=&#8221;.vc_custom_1566912823625{padding-top: 4px !important;padding-bottom: 42px !important;}&#8221;][vc_column][vc_column_text] Telep\u00edt\u00e9s \u00e9ve: 1990 Talaj: l\u00f6sz\u00f6s nyirok Alapk\u0151zet: andezit Sz\u00fcret id\u0151pontja: 2018. szeptember 26. Tarcal l\u00f6sz\u00f6s nyiroktalaj\u00e1n termett sz\u0151l\u0151b\u0151l k\u00e9sz\u00fclt, kis t\u00f6lgyfahord\u00f3ban erjedt, \u00e9s finomsepr\u0151n \u00e9rlel\u0151d\u00f6tt hat h\u00f3napon \u00e1t. L\u00e1gy \u0151szibarackos kezdet, majd \u00edz\u00e9ben van\u00edlia, marcip\u00e1n \u00e9s d\u00e9ligy\u00fcm\u00f6lcs\u00f6k, kerek lecseng\u00e9ssel. Fogyaszt\u00e1s\u00e1t 10-12 \u00b0C-ra h\u0171tve aj\u00e1nljuk feh\u00e9r h\u00fasokb\u00f3l k\u00e9sz\u00fclt [&hellip;]<\/p>\n","protected":false},"author":1,"featured_media":5385,"comment_status":"closed","ping_status":"open","sticky":false,"template":"","format":"standard","meta":{"_monsterinsights_skip_tracking":false,"_monsterinsights_sitenote_active":false,"_monsterinsights_sitenote_note":"","_monsterinsights_sitenote_category":0,"footnotes":""},"categories":[2],"tags":[],"class_list":["post-1821","post","type-post","status-publish","format-standard","has-post-thumbnail","hentry","category-borok"],"_links":{"self":[{"href":"https:\/\/www.fuleky-tokaj.hu\/eng\/wp-json\/wp\/v2\/posts\/1821","targetHints":{"allow":["GET"]}}],"collection":[{"href":"https:\/\/www.fuleky-tokaj.hu\/eng\/wp-json\/wp\/v2\/posts"}],"about":[{"href":"https:\/\/www.fuleky-tokaj.hu\/eng\/wp-json\/wp\/v2\/types\/post"}],"author":[{"embeddable":true,"href":"https:\/\/www.fuleky-tokaj.hu\/eng\/wp-json\/wp\/v2\/users\/1"}],"replies":[{"embeddable":true,"href":"https:\/\/www.fuleky-tokaj.hu\/eng\/wp-json\/wp\/v2\/comments?post=1821"}],"version-history":[{"count":0,"href":"https:\/\/www.fuleky-tokaj.hu\/eng\/wp-json\/wp\/v2\/posts\/1821\/revisions"}],"wp:featuredmedia":[{"embeddable":true,"href":"https:\/\/www.fuleky-tokaj.hu\/eng\/wp-json\/wp\/v2\/media\/5385"}],"wp:attachment":[{"href":"https:\/\/www.fuleky-tokaj.hu\/eng\/wp-json\/wp\/v2\/media?parent=1821"}],"wp:term":[{"taxonomy":"category","embeddable":true,"href":"https:\/\/www.fuleky-tokaj.hu\/eng\/wp-json\/wp\/v2\/categories?post=1821"},{"taxonomy":"post_tag","embeddable":true,"href":"https:\/\/www.fuleky-tokaj.hu\/eng\/wp-json\/wp\/v2\/tags?post=1821"}],"curies":[{"name":"wp","href":"https:\/\/api.w.org\/{rel}","templated":true}]}}